{"id":6692,"date":"2025-05-27T16:12:12","date_gmt":"2025-05-27T16:12:12","guid":{"rendered":"https:\/\/www.fasdinfotsaf.ca\/?p=6692"},"modified":"2025-06-05T15:21:23","modified_gmt":"2025-06-05T15:21:23","slug":"projet-de-loi-77-loi-de-2008-sur-les-services-aux-personnes-ayant-une-deficience-intellectuelle","status":"publish","type":"post","link":"https:\/\/www.fasdinfotsaf.ca\/fr\/projet-de-loi-77-loi-de-2008-sur-les-services-aux-personnes-ayant-une-deficience-intellectuelle\/","title":{"rendered":"Projet de loi 77, Loi de 2008 sur les services aux personnes ayant une d\u00e9ficience intellectuelle"},"content":{"rendered":"<p>Cette loi vise \u00e0 orienter les services de d\u00e9veloppement de l\u2019Ontario vers un syst\u00e8me qui soutient les personnes ayant une d\u00e9ficience intellectuelle afin qu\u2019elles vivent aussi ind\u00e9pendamment que possible, exercent un plus grand contr\u00f4le sur leur vie et participent pleinement \u00e0 leur communaut\u00e9. Cliquez ici: https:\/\/www.ola.org\/fr\/affaires-legislatives\/projets-loi\/legislature-39\/session-1\/projet-loi-77<\/p>\n","protected":false},"excerpt":{"rendered":"<p>Cette loi vise \u00e0 orienter les services de d\u00e9veloppement de l\u2019Ontario vers un syst\u00e8me qui soutient les personnes ayant une d\u00e9ficience intellectuelle afin qu\u2019elles vivent aussi ind\u00e9pendamment que possible, exercent un plus grand contr\u00f4le sur leur vie et participent pleinement \u00e0 leur communaut\u00e9.<\/p>\n","protected":false},"author":2,"featured_media":7004,"comment_status":"open","ping_status":"open","sticky":false,"template":"","format":"standard","meta":{"_jet_sm_ready_style":"","_jet_sm_style":"","_jet_sm_controls_values":"","_jet_sm_fonts_collection":"","_jet_sm_fonts_links":"","footnotes":""},"categories":[376,311],"tags":[],"resources-type":[378],"prices":[276],"type-of-resource":[399],"class_list":["post-6692","post","type-post","status-publish","format-standard","has-post-thumbnail","hentry","category-bilingue-fr","category-politique-publique-sante","resources-type-gouvernement","prices-bilingue-fr","type-of-resource-lienweb-fr"],"_links":{"self":[{"href":"https:\/\/www.fasdinfotsaf.ca\/fr\/wp-json\/wp\/v2\/posts\/6692","targetHints":{"allow":["GET"]}}],"collection":[{"href":"https:\/\/www.fasdinfotsaf.ca\/fr\/wp-json\/wp\/v2\/posts"}],"about":[{"href":"https:\/\/www.fasdinfotsaf.ca\/fr\/wp-json\/wp\/v2\/types\/post"}],"author":[{"embeddable":true,"href":"https:\/\/www.fasdinfotsaf.ca\/fr\/wp-json\/wp\/v2\/users\/2"}],"replies":[{"embeddable":true,"href":"https:\/\/www.fasdinfotsaf.ca\/fr\/wp-json\/wp\/v2\/comments?post=6692"}],"version-history":[{"count":3,"href":"https:\/\/www.fasdinfotsaf.ca\/fr\/wp-json\/wp\/v2\/posts\/6692\/revisions"}],"predecessor-version":[{"id":7358,"href":"https:\/\/www.fasdinfotsaf.ca\/fr\/wp-json\/wp\/v2\/posts\/6692\/revisions\/7358"}],"wp:featuredmedia":[{"embeddable":true,"href":"https:\/\/www.fasdinfotsaf.ca\/fr\/wp-json\/wp\/v2\/media\/7004"}],"wp:attachment":[{"href":"https:\/\/www.fasdinfotsaf.ca\/fr\/wp-json\/wp\/v2\/media?parent=6692"}],"wp:term":[{"taxonomy":"category","embeddable":true,"href":"https:\/\/www.fasdinfotsaf.ca\/fr\/wp-json\/wp\/v2\/categories?post=6692"},{"taxonomy":"post_tag","embeddable":true,"href":"https:\/\/www.fasdinfotsaf.ca\/fr\/wp-json\/wp\/v2\/tags?post=6692"},{"taxonomy":"resources-type","embeddable":true,"href":"https:\/\/www.fasdinfotsaf.ca\/fr\/wp-json\/wp\/v2\/resources-type?post=6692"},{"taxonomy":"prices","embeddable":true,"href":"https:\/\/www.fasdinfotsaf.ca\/fr\/wp-json\/wp\/v2\/prices?post=6692"},{"taxonomy":"type-of-resource","embeddable":true,"href":"https:\/\/www.fasdinfotsaf.ca\/fr\/wp-json\/wp\/v2\/type-of-resource?post=6692"}],"curies":[{"name":"wp","href":"https:\/\/api.w.org\/{rel}","templated":true}]}}