{"id":6700,"date":"2025-05-27T16:15:16","date_gmt":"2025-05-27T16:15:16","guid":{"rendered":"https:\/\/www.fasdinfotsaf.ca\/?p=6700"},"modified":"2025-06-05T15:20:37","modified_gmt":"2025-06-05T15:20:37","slug":"convention-relative-aux-droits-des-personnes-en-situation-de-handicap-cdph","status":"publish","type":"post","link":"https:\/\/www.fasdinfotsaf.ca\/fr\/convention-relative-aux-droits-des-personnes-en-situation-de-handicap-cdph\/","title":{"rendered":"Convention relative aux droits des personnes en situation de handicap (CDPH)"},"content":{"rendered":"<p>Ce trait\u00e9 international des droits de l\u2019homme a \u00e9t\u00e9 con\u00e7u pour prot\u00e9ger les droits des personnes en situation de handicap partout dans le monde. Il \u00e9tablit les moyens de rendre le monde plus inclusif pour les personnes en situation de handicap, avec pour objectif de cr\u00e9er un environnement o\u00f9 elles peuvent jouir d\u2019une v\u00e9ritable \u00e9galit\u00e9 dans la soci\u00e9t\u00e9. Cliquez ici: https:\/\/www.un.org\/development\/desa\/dspd\/wp-content\/uploads\/sites\/22\/2022\/01\/Introducing-CRPD-French.pdf<\/p>\n","protected":false},"excerpt":{"rendered":"<p>Ce trait\u00e9 international des droits de l\u2019homme a \u00e9t\u00e9 con\u00e7u pour prot\u00e9ger les droits des personnes en situation de handicap partout dans le monde. Il \u00e9tablit les moyens de rendre le monde plus inclusif pour les personnes handicap\u00e9es, avec pour objectif de cr\u00e9er un environnement o\u00f9 elles peuvent jouir d\u2019une v\u00e9ritable \u00e9galit\u00e9 dans la soci\u00e9t\u00e9. <\/p>\n","protected":false},"author":2,"featured_media":6978,"comment_status":"open","ping_status":"open","sticky":false,"template":"","format":"standard","meta":{"_jet_sm_ready_style":"","_jet_sm_style":"","_jet_sm_controls_values":"","_jet_sm_fonts_collection":"","_jet_sm_fonts_links":"","footnotes":""},"categories":[376,311],"tags":[],"resources-type":[378],"prices":[276],"type-of-resource":[399],"class_list":["post-6700","post","type-post","status-publish","format-standard","has-post-thumbnail","hentry","category-bilingue-fr","category-politique-publique-sante","resources-type-gouvernement","prices-bilingue-fr","type-of-resource-lienweb-fr"],"_links":{"self":[{"href":"https:\/\/www.fasdinfotsaf.ca\/fr\/wp-json\/wp\/v2\/posts\/6700","targetHints":{"allow":["GET"]}}],"collection":[{"href":"https:\/\/www.fasdinfotsaf.ca\/fr\/wp-json\/wp\/v2\/posts"}],"about":[{"href":"https:\/\/www.fasdinfotsaf.ca\/fr\/wp-json\/wp\/v2\/types\/post"}],"author":[{"embeddable":true,"href":"https:\/\/www.fasdinfotsaf.ca\/fr\/wp-json\/wp\/v2\/users\/2"}],"replies":[{"embeddable":true,"href":"https:\/\/www.fasdinfotsaf.ca\/fr\/wp-json\/wp\/v2\/comments?post=6700"}],"version-history":[{"count":3,"href":"https:\/\/www.fasdinfotsaf.ca\/fr\/wp-json\/wp\/v2\/posts\/6700\/revisions"}],"predecessor-version":[{"id":7357,"href":"https:\/\/www.fasdinfotsaf.ca\/fr\/wp-json\/wp\/v2\/posts\/6700\/revisions\/7357"}],"wp:featuredmedia":[{"embeddable":true,"href":"https:\/\/www.fasdinfotsaf.ca\/fr\/wp-json\/wp\/v2\/media\/6978"}],"wp:attachment":[{"href":"https:\/\/www.fasdinfotsaf.ca\/fr\/wp-json\/wp\/v2\/media?parent=6700"}],"wp:term":[{"taxonomy":"category","embeddable":true,"href":"https:\/\/www.fasdinfotsaf.ca\/fr\/wp-json\/wp\/v2\/categories?post=6700"},{"taxonomy":"post_tag","embeddable":true,"href":"https:\/\/www.fasdinfotsaf.ca\/fr\/wp-json\/wp\/v2\/tags?post=6700"},{"taxonomy":"resources-type","embeddable":true,"href":"https:\/\/www.fasdinfotsaf.ca\/fr\/wp-json\/wp\/v2\/resources-type?post=6700"},{"taxonomy":"prices","embeddable":true,"href":"https:\/\/www.fasdinfotsaf.ca\/fr\/wp-json\/wp\/v2\/prices?post=6700"},{"taxonomy":"type-of-resource","embeddable":true,"href":"https:\/\/www.fasdinfotsaf.ca\/fr\/wp-json\/wp\/v2\/type-of-resource?post=6700"}],"curies":[{"name":"wp","href":"https:\/\/api.w.org\/{rel}","templated":true}]}}