{"id":7729,"date":"2025-06-30T15:07:56","date_gmt":"2025-06-30T15:07:56","guid":{"rendered":"https:\/\/www.fasdinfotsaf.ca\/declaration-dexpert%c2%b7es-sur-lactivite-physique-et-la-sante-cerebrale-chez-les-enfants-et-les-jeunes\/"},"modified":"2025-06-30T15:07:56","modified_gmt":"2025-06-30T15:07:56","slug":"declaration-dexpert%c2%b7es-sur-lactivite-physique-et-la-sante-cerebrale-chez-les-enfants-et-les-jeunes","status":"publish","type":"post","link":"https:\/\/www.fasdinfotsaf.ca\/fr\/declaration-dexpert%c2%b7es-sur-lactivite-physique-et-la-sante-cerebrale-chez-les-enfants-et-les-jeunes\/","title":{"rendered":"D\u00e9claration d\u2019expert\u00b7es sur l\u2019activit\u00e9 physique et la sant\u00e9 c\u00e9r\u00e9brale chez les enfants et les jeunes"},"content":{"rendered":"","protected":false},"excerpt":{"rendered":"<p>Une \u00e9quipe d&rsquo;experts en neurosciences p\u00e9diatriques et en sciences de l&rsquo;exercice a d\u00e9velopp\u00e9 cet \u00e9nonc\u00e9 d&rsquo;experts, analysant la relation entre l&rsquo;activit\u00e9 physique et la sant\u00e9 du cerveau des enfants et des jeunes. L&rsquo;activit\u00e9 physique aide les enfants et les jeunes \u00e0 mieux apprendre, \u00e0 r\u00e9soudre des probl\u00e8mes de fa\u00e7on plus cr\u00e9ative et \u00e0 d\u00e9velopper un cerveau en meilleure sant\u00e9. Les enfants et les jeunes les moins actifs ou qui ont des troubles neurologiques sont ceux qui auraient le plus \u00e0 gagner \u00e0 bouger plus.  <\/p>\n","protected":false},"author":2,"featured_media":7698,"comment_status":"open","ping_status":"open","sticky":false,"template":"","format":"standard","meta":{"_jet_sm_ready_style":"","_jet_sm_style":"","_jet_sm_controls_values":"","_jet_sm_fonts_collection":"","_jet_sm_fonts_links":"","footnotes":""},"categories":[408,297],"tags":[],"resources-type":[133],"prices":[276],"type-of-resource":[393],"class_list":["post-7729","post","type-post","status-publish","format-standard","has-post-thumbnail","hentry","category-sante-et-bien-etre","category-sante-mentale","resources-type-partenaire","prices-bilingue-fr","type-of-resource-pdf-fr"],"_links":{"self":[{"href":"https:\/\/www.fasdinfotsaf.ca\/fr\/wp-json\/wp\/v2\/posts\/7729","targetHints":{"allow":["GET"]}}],"collection":[{"href":"https:\/\/www.fasdinfotsaf.ca\/fr\/wp-json\/wp\/v2\/posts"}],"about":[{"href":"https:\/\/www.fasdinfotsaf.ca\/fr\/wp-json\/wp\/v2\/types\/post"}],"author":[{"embeddable":true,"href":"https:\/\/www.fasdinfotsaf.ca\/fr\/wp-json\/wp\/v2\/users\/2"}],"replies":[{"embeddable":true,"href":"https:\/\/www.fasdinfotsaf.ca\/fr\/wp-json\/wp\/v2\/comments?post=7729"}],"version-history":[{"count":0,"href":"https:\/\/www.fasdinfotsaf.ca\/fr\/wp-json\/wp\/v2\/posts\/7729\/revisions"}],"wp:featuredmedia":[{"embeddable":true,"href":"https:\/\/www.fasdinfotsaf.ca\/fr\/wp-json\/wp\/v2\/media\/7698"}],"wp:attachment":[{"href":"https:\/\/www.fasdinfotsaf.ca\/fr\/wp-json\/wp\/v2\/media?parent=7729"}],"wp:term":[{"taxonomy":"category","embeddable":true,"href":"https:\/\/www.fasdinfotsaf.ca\/fr\/wp-json\/wp\/v2\/categories?post=7729"},{"taxonomy":"post_tag","embeddable":true,"href":"https:\/\/www.fasdinfotsaf.ca\/fr\/wp-json\/wp\/v2\/tags?post=7729"},{"taxonomy":"resources-type","embeddable":true,"href":"https:\/\/www.fasdinfotsaf.ca\/fr\/wp-json\/wp\/v2\/resources-type?post=7729"},{"taxonomy":"prices","embeddable":true,"href":"https:\/\/www.fasdinfotsaf.ca\/fr\/wp-json\/wp\/v2\/prices?post=7729"},{"taxonomy":"type-of-resource","embeddable":true,"href":"https:\/\/www.fasdinfotsaf.ca\/fr\/wp-json\/wp\/v2\/type-of-resource?post=7729"}],"curies":[{"name":"wp","href":"https:\/\/api.w.org\/{rel}","templated":true}]}}